{"id":242,"date":"2025-01-23T12:15:34","date_gmt":"2025-01-23T15:15:34","guid":{"rendered":"https:\/\/descarbonizesolu1.websiteseguro.com\/?p=242"},"modified":"2025-08-14T08:23:49","modified_gmt":"2025-08-14T11:23:49","slug":"criancas-mais-conscientes-que-pais-sobre-questoes-ambientais","status":"publish","type":"post","link":"https:\/\/descarbonizesolu1.websiteseguro.com\/criancas-mais-conscientes-que-pais-sobre-questoes-ambientais","title":{"rendered":"Dia das Crian\u00e7as: para 58% dos brasileiros, crian\u00e7as est\u00e3o mais conscientes que seus pais sobre quest\u00f5es ambientais"},"content":{"rendered":"\n<p><em>Apenas 36% dos entrevistados dizem conversar frequentemente sobre o tema com os pequenos<\/em><br><\/p>\n\n\n\n<p>A educa\u00e7\u00e3o ambiental tem como objetivo formar indiv\u00edduos preocupados e conscientes &nbsp; das quest\u00f5es ambientais, a sustentabilidade e a preserva\u00e7\u00e3o da natureza. Em um contexto em que nunca foi t\u00e3o importante pensar nas formas de conserva\u00e7\u00e3o do planeta, a discuss\u00e3o sobre o ensino de t\u00f3picos relacionados ao meio ambiente se faz essencial, especialmente para as crian\u00e7as.<\/p>\n\n\n\n<p>\u00c9 na inf\u00e2ncia que acontece a fase mais importante de aprendizagem. E, com frequ\u00eancia, as crian\u00e7as parecem estar mais antenadas que os adultos em quest\u00f5es essenciais do dia a dia. <strong>N\u00e3o \u00e0 toa, para 58% dos brasileiros, as crian\u00e7as est\u00e3o mais conscientes que seus pais sobre quest\u00f5es ambientais. <\/strong>\u00c9 o que mostra essa pesquisa feita pela Descarbonize Solu\u00e7\u00f5es.<\/p>\n\n\n\n<figure class=\"wp-block-image is-resized\"><img loading=\"lazy\" decoding=\"async\" width=\"1000\" height=\"800\" src=\"https:\/\/descarbonizesolu1.websiteseguro.com\/wp-content\/uploads\/2025\/01\/AD_4nXdRQT2CwaBZShY4nbeq9toTN9-4zA4zkwikopdDTzmKqM2x4t8skDHWP8BGibZ7d0Yb2CK3vPVbDNZGWm5_DvoBVR3Y1JT6b-rygitXmFgrozXuu3W20DQdxj1YWRKRuLaZ2ZvHgTCwnT_4QOZtWGE8S86P.png\" alt=\"\" class=\"wp-image-246\" style=\"width:700px\" srcset=\"https:\/\/descarbonizesolu1.websiteseguro.com\/wp-content\/uploads\/2025\/01\/AD_4nXdRQT2CwaBZShY4nbeq9toTN9-4zA4zkwikopdDTzmKqM2x4t8skDHWP8BGibZ7d0Yb2CK3vPVbDNZGWm5_DvoBVR3Y1JT6b-rygitXmFgrozXuu3W20DQdxj1YWRKRuLaZ2ZvHgTCwnT_4QOZtWGE8S86P.png 1000w, https:\/\/descarbonizesolu1.websiteseguro.com\/wp-content\/uploads\/2025\/01\/AD_4nXdRQT2CwaBZShY4nbeq9toTN9-4zA4zkwikopdDTzmKqM2x4t8skDHWP8BGibZ7d0Yb2CK3vPVbDNZGWm5_DvoBVR3Y1JT6b-rygitXmFgrozXuu3W20DQdxj1YWRKRuLaZ2ZvHgTCwnT_4QOZtWGE8S86P-300x240.png 300w, https:\/\/descarbonizesolu1.websiteseguro.com\/wp-content\/uploads\/2025\/01\/AD_4nXdRQT2CwaBZShY4nbeq9toTN9-4zA4zkwikopdDTzmKqM2x4t8skDHWP8BGibZ7d0Yb2CK3vPVbDNZGWm5_DvoBVR3Y1JT6b-rygitXmFgrozXuu3W20DQdxj1YWRKRuLaZ2ZvHgTCwnT_4QOZtWGE8S86P-768x614.png 768w\" sizes=\"auto, (max-width: 1000px) 100vw, 1000px\" \/><\/figure>\n\n\n\n<p>Este \u00e9 um cen\u00e1rio em que a <strong>grande maioria dos entrevistados (78%) afirma que recebeu educa\u00e7\u00e3o ambiental nos seus tempos de escola<\/strong>. Mesmo assim, os pequenos demonstram estar mais atentos para os t\u00f3picos de sustentabilidade, sendo n\u00e3o apenas uma gera\u00e7\u00e3o que traz esperan\u00e7a para o futuro, como uma que pode inspirar e ensinar as gera\u00e7\u00f5es passadas.<\/p>\n\n\n\n<h2 class=\"wp-block-heading\"><strong>Papo de gente grande (e dos pequenos tamb\u00e9m)<\/strong><\/h2>\n\n\n\n<p>Sabendo da import\u00e2ncia do t\u00f3pico ambiental, \u00e9 indispens\u00e1vel que o tema seja assunto entre adultos e crian\u00e7as que integram o mesmo c\u00edrculo social &#8211; sejam entre pais e filhos, sobrinhos, alunos. E, mesmo que essa troca parta, essencialmente, da ideia de que uma pessoa mais velha ir\u00e1 instruir uma crian\u00e7a, \u00e9 nesse espa\u00e7o que os pequenos tamb\u00e9m podem compartilhar o que sabem, criando um local de di\u00e1logo em que ambas as partes aprendem juntas.<\/p>\n\n\n\n<p>Neste cen\u00e1rio, os brasileiros parecem estar atentos \u00e0 relev\u00e2ncia de tratarem de assuntos relacionados ao meio ambiente com crian\u00e7as ao seu redor. <strong>36% dos entrevistados afirmaram que conversam frequentemente sobre quest\u00f5es ambientais com crian\u00e7as<\/strong>, tratando do assunto pelo menos uma vez por semana. 32% ainda disseram que tratam sobre o tema ocasionalmente, considerando algumas vezes no m\u00eas; 19% abordam a quest\u00e3o raramente, sendo uma vez a cada um ou dois meses, e outros 5% nunca conversaram sobre o tema.<\/p>\n\n\n\n<figure class=\"wp-block-image is-resized\"><img loading=\"lazy\" decoding=\"async\" width=\"1000\" height=\"800\" src=\"https:\/\/descarbonizesolu1.websiteseguro.com\/wp-content\/uploads\/2025\/01\/AD_4nXcRUB3mK5drAuLn-tMszRkM1GNxrGSnMokpdiF57UPGvDuzhkN8btIzm8zA90GFpZn4Nihnd1BE3TbS67leHzlnv1tC2-d3E57GCeiXcWiW9KpKobixOJfsQXhi2VNmbXkoJkPd8yXujszFXcv1YHAs1U1.png\" alt=\"\" class=\"wp-image-244\" style=\"width:700px;height:auto\" srcset=\"https:\/\/descarbonizesolu1.websiteseguro.com\/wp-content\/uploads\/2025\/01\/AD_4nXcRUB3mK5drAuLn-tMszRkM1GNxrGSnMokpdiF57UPGvDuzhkN8btIzm8zA90GFpZn4Nihnd1BE3TbS67leHzlnv1tC2-d3E57GCeiXcWiW9KpKobixOJfsQXhi2VNmbXkoJkPd8yXujszFXcv1YHAs1U1.png 1000w, https:\/\/descarbonizesolu1.websiteseguro.com\/wp-content\/uploads\/2025\/01\/AD_4nXcRUB3mK5drAuLn-tMszRkM1GNxrGSnMokpdiF57UPGvDuzhkN8btIzm8zA90GFpZn4Nihnd1BE3TbS67leHzlnv1tC2-d3E57GCeiXcWiW9KpKobixOJfsQXhi2VNmbXkoJkPd8yXujszFXcv1YHAs1U1-300x240.png 300w, https:\/\/descarbonizesolu1.websiteseguro.com\/wp-content\/uploads\/2025\/01\/AD_4nXcRUB3mK5drAuLn-tMszRkM1GNxrGSnMokpdiF57UPGvDuzhkN8btIzm8zA90GFpZn4Nihnd1BE3TbS67leHzlnv1tC2-d3E57GCeiXcWiW9KpKobixOJfsQXhi2VNmbXkoJkPd8yXujszFXcv1YHAs1U1-768x614.png 768w\" sizes=\"auto, (max-width: 1000px) 100vw, 1000px\" \/><\/figure>\n\n\n\n<p>Tatiane Fischer, CMO da Descarbonize Solu\u00e7\u00f5es, reflete sobre a import\u00e2ncia de o assunto estar cada vez mais presente entre os grupos sociais: \u201cMostrar para as crian\u00e7as os h\u00e1bitos sustent\u00e1veis que devem ser constru\u00eddos dentro de casa, por exemplo, pode ser feito de uma forma l\u00fadica que os aproxime do assunto. Essa \u00e9 uma forma de criar a participa\u00e7\u00e3o e gerar o interesse para que elas tamb\u00e9m possam trazer e compartilhar aquilo que aprendem em outros lugares. \u00c9 o ciclo da educa\u00e7\u00e3o ambiental que, ao passar pelo ambiente familiar, pela escola e pelos amigos, se completa e forma cidad\u00e3os mais conscientes\u201d, reflete Fischer.<\/p>\n\n\n\n<h2 class=\"wp-block-heading\"><strong>\u00c9 papel das escolas?<\/strong><\/h2>\n\n\n\n<p>Mas de quem \u00e9, afinal, o papel primordial do ensino das quest\u00f5es ambientais para as crian\u00e7as? <strong>Para 67% dos entrevistados, essa responsabilidade deve ficar principalmente com as escolas.<\/strong> Na sequ\u00eancia, aparece o papel dos pais, indicado por 62% dos respondentes, enquanto outros 59% destacam a fun\u00e7\u00e3o dos governos.<\/p>\n\n\n\n<figure class=\"wp-block-image is-resized\"><img loading=\"lazy\" decoding=\"async\" width=\"1000\" height=\"800\" src=\"https:\/\/descarbonizesolu1.websiteseguro.com\/wp-content\/uploads\/2025\/01\/AD_4nXcjaVU-3nt3yBw_C0Q2HAD_9KCHZbto6VXEFAzW6niczY-aLnbbvMIV6T_dwVMpIIsJzRKQssKpbyxv-Mm0y7vU8YjIBryxqAMVcP-TdrdP8AywxP2moSyuqzj6jNbzc2Ko73QCrwiM7FhDoiyYgkdKGo6W.png\" alt=\"\" class=\"wp-image-245\" style=\"width:700px\" srcset=\"https:\/\/descarbonizesolu1.websiteseguro.com\/wp-content\/uploads\/2025\/01\/AD_4nXcjaVU-3nt3yBw_C0Q2HAD_9KCHZbto6VXEFAzW6niczY-aLnbbvMIV6T_dwVMpIIsJzRKQssKpbyxv-Mm0y7vU8YjIBryxqAMVcP-TdrdP8AywxP2moSyuqzj6jNbzc2Ko73QCrwiM7FhDoiyYgkdKGo6W.png 1000w, https:\/\/descarbonizesolu1.websiteseguro.com\/wp-content\/uploads\/2025\/01\/AD_4nXcjaVU-3nt3yBw_C0Q2HAD_9KCHZbto6VXEFAzW6niczY-aLnbbvMIV6T_dwVMpIIsJzRKQssKpbyxv-Mm0y7vU8YjIBryxqAMVcP-TdrdP8AywxP2moSyuqzj6jNbzc2Ko73QCrwiM7FhDoiyYgkdKGo6W-300x240.png 300w, https:\/\/descarbonizesolu1.websiteseguro.com\/wp-content\/uploads\/2025\/01\/AD_4nXcjaVU-3nt3yBw_C0Q2HAD_9KCHZbto6VXEFAzW6niczY-aLnbbvMIV6T_dwVMpIIsJzRKQssKpbyxv-Mm0y7vU8YjIBryxqAMVcP-TdrdP8AywxP2moSyuqzj6jNbzc2Ko73QCrwiM7FhDoiyYgkdKGo6W-768x614.png 768w\" sizes=\"auto, (max-width: 1000px) 100vw, 1000px\" \/><\/figure>\n\n\n\n<p>Indo ao encontro da expectativa dos brasileiros sobre o papel das escolas na educa\u00e7\u00e3o ambiental infantil, eles tamb\u00e9m acreditam que as institui\u00e7\u00f5es est\u00e3o acompanhando a evolu\u00e7\u00e3o da pauta. Segundo o estudo, <strong>61% dos entrevistados entendem que as escolas est\u00e3o cada vez mais atentas \u00e0s quest\u00f5es ambientais<\/strong>, enquanto, na mesma propor\u00e7\u00e3o, 19% acreditam que elas est\u00e3o menos atentas ou que n\u00e3o variaram com o tempo em rela\u00e7\u00e3o \u00e0s quest\u00f5es do meio ambiente.<\/p>\n\n\n\n<p>J\u00e1 em rela\u00e7\u00e3o a qual momento a educa\u00e7\u00e3o ambiental deveria ser introduzida para as crian\u00e7as, <strong>51% dos respondentes da pesquisa entendem que o assunto deve ser apresentado quanto antes \u00e0s crian\u00e7as, no caso, ainda na educa\u00e7\u00e3o infantil<\/strong> (at\u00e9 os cinco anos). Outros 28% acreditam que o tema deve ser tratado a partir do ensino fundamental I (entre 6 e 10 anos), e 14% entendem que o assunto deve entrar no ensino fundamental II (entre 11 e 14 anos).<\/p>\n\n\n\n<p>\u201cAs escolas desempenham um papel crucial na difus\u00e3o do conhecimento sobre quest\u00f5es ambientais, seja por meio de aulas, palestras, eventos ou atividades. Em um contexto onde nem todos os lares abordam o tema com as crian\u00e7as, as institui\u00e7\u00f5es de ensino se tornam uma oportunidade para popularizar essa pauta. Al\u00e9m de temas tradicionais como reciclagem e mudan\u00e7as clim\u00e1ticas, \u00e9 importante que as escolas incluam t\u00f3picos como energias renov\u00e1veis, mobilidade urbana limpa e economia circular, mostrando \u00e0s crian\u00e7as as diversas formas de transformar o futuro\u201d, conclui Fischer.<\/p>\n\n\n\n<h2 class=\"wp-block-heading\"><strong>Metodologia<\/strong><\/h2>\n\n\n\n<p><strong>P\u00fablico:<\/strong> foram entrevistados 500 brasileiros de todos os estados do pa\u00eds, incluindo mulheres e homens, com idade a partir dos 16 anos e de todas as classes sociais.<\/p>\n\n\n\n<p><strong>Coleta:<\/strong> os dados do estudo foram levantados via plataforma de pesquisas online.<\/p>\n\n\n\n<p><strong>Data de coleta:<\/strong> entre os dias 26 e 30 de setembro de 2024.<\/p>\n\n\n\n<p><\/p>\n","protected":false},"excerpt":{"rendered":"<p>Apenas 36% dos entrevistados dizem conversar frequentemente sobre o tema com os pequenos A educa\u00e7\u00e3o ambiental tem como objetivo formar indiv\u00edduos preocupados e conscientes &nbsp; das quest\u00f5es ambientais, a sustentabilidade e a preserva\u00e7\u00e3o da natureza. Em um contexto em que nunca foi t\u00e3o importante pensar nas formas de conserva\u00e7\u00e3o do planeta, a discuss\u00e3o sobre o [&hellip;]<\/p>\n","protected":false},"author":1,"featured_media":811,"comment_status":"open","ping_status":"open","sticky":false,"template":"","format":"standard","meta":{"footnotes":""},"categories":[23],"tags":[22],"class_list":["post-242","post","type-post","status-publish","format-standard","has-post-thumbnail","hentry","category-estudos-e-pesquisas","tag-dicas-descarbonize"],"yoast_head":"<!-- This site is optimized with the Yoast SEO plugin v24.3 - https:\/\/yoast.com\/wordpress\/plugins\/seo\/ -->\n<title>Crian\u00e7as est\u00e3o mais conscientes que pais sobre quest\u00f5es ambientais<\/title>\n<meta name=\"description\" content=\"Pesquisa diz que 58% dos brasileiros veem as crian\u00e7as com mais conhecimento sobre quest\u00f5es ambientas do que seus pais. Veja mais!\" \/>\n<meta name=\"robots\" content=\"index, follow, max-snippet:-1, max-image-preview:large, max-video-preview:-1\" \/>\n<link rel=\"canonical\" href=\"https:\/\/descarbonizesolu1.websiteseguro.com\/criancas-mais-conscientes-que-pais-sobre-questoes-ambientais\" \/>\n<meta property=\"og:locale\" content=\"pt_BR\" \/>\n<meta property=\"og:type\" content=\"article\" \/>\n<meta property=\"og:title\" content=\"Crian\u00e7as est\u00e3o mais conscientes que pais sobre quest\u00f5es ambientais\" \/>\n<meta property=\"og:description\" content=\"Pesquisa diz que 58% dos brasileiros veem as crian\u00e7as com mais conhecimento sobre quest\u00f5es ambientas do que seus pais. Veja mais!\" \/>\n<meta property=\"og:url\" content=\"https:\/\/descarbonizesolu1.websiteseguro.com\/criancas-mais-conscientes-que-pais-sobre-questoes-ambientais\" \/>\n<meta property=\"og:site_name\" content=\"Blog Descarbonize Solu\u00e7\u00f5es\" \/>\n<meta property=\"article:published_time\" content=\"2025-01-23T15:15:34+00:00\" \/>\n<meta property=\"article:modified_time\" content=\"2025-08-14T11:23:49+00:00\" \/>\n<meta property=\"og:image\" content=\"https:\/\/descarbonizesolu1.websiteseguro.com\/wp-content\/uploads\/2025\/01\/criancas-reciclando-plastico-parque-ambiental-sustentabilidade.webp\" \/>\n\t<meta property=\"og:image:width\" content=\"1185\" \/>\n\t<meta property=\"og:image:height\" content=\"885\" \/>\n\t<meta property=\"og:image:type\" content=\"image\/webp\" \/>\n<meta name=\"author\" content=\"Equipe Descarbonize Solu\u00e7\u00f5es\" \/>\n<meta name=\"twitter:card\" content=\"summary_large_image\" \/>\n<meta name=\"twitter:label1\" content=\"Escrito por\" \/>\n\t<meta name=\"twitter:data1\" content=\"Equipe Descarbonize Solu\u00e7\u00f5es\" \/>\n\t<meta name=\"twitter:label2\" content=\"Est. tempo de leitura\" \/>\n\t<meta name=\"twitter:data2\" content=\"6 minutos\" \/>\n<script type=\"application\/ld+json\" class=\"yoast-schema-graph\">{\"@context\":\"https:\/\/schema.org\",\"@graph\":[{\"@type\":\"WebPage\",\"@id\":\"https:\/\/descarbonizesolu1.websiteseguro.com\/criancas-mais-conscientes-que-pais-sobre-questoes-ambientais\",\"url\":\"https:\/\/descarbonizesolu1.websiteseguro.com\/criancas-mais-conscientes-que-pais-sobre-questoes-ambientais\",\"name\":\"Crian\u00e7as est\u00e3o mais conscientes que pais sobre quest\u00f5es ambientais\",\"isPartOf\":{\"@id\":\"https:\/\/descarbonizesolu1.websiteseguro.com\/#website\"},\"primaryImageOfPage\":{\"@id\":\"https:\/\/descarbonizesolu1.websiteseguro.com\/criancas-mais-conscientes-que-pais-sobre-questoes-ambientais#primaryimage\"},\"image\":{\"@id\":\"https:\/\/descarbonizesolu1.websiteseguro.com\/criancas-mais-conscientes-que-pais-sobre-questoes-ambientais#primaryimage\"},\"thumbnailUrl\":\"https:\/\/descarbonizesolu1.websiteseguro.com\/wp-content\/uploads\/2025\/01\/criancas-reciclando-plastico-parque-ambiental-sustentabilidade.webp\",\"datePublished\":\"2025-01-23T15:15:34+00:00\",\"dateModified\":\"2025-08-14T11:23:49+00:00\",\"author\":{\"@id\":\"https:\/\/descarbonizesolu1.websiteseguro.com\/#\/schema\/person\/a770baacf7400307581a6d555f050ac3\"},\"description\":\"Pesquisa diz que 58% dos brasileiros veem as crian\u00e7as com mais conhecimento sobre quest\u00f5es ambientas do que seus pais. Veja mais!\",\"breadcrumb\":{\"@id\":\"https:\/\/descarbonizesolu1.websiteseguro.com\/criancas-mais-conscientes-que-pais-sobre-questoes-ambientais#breadcrumb\"},\"inLanguage\":\"pt-BR\",\"potentialAction\":[{\"@type\":\"ReadAction\",\"target\":[\"https:\/\/descarbonizesolu1.websiteseguro.com\/criancas-mais-conscientes-que-pais-sobre-questoes-ambientais\"]}]},{\"@type\":\"ImageObject\",\"inLanguage\":\"pt-BR\",\"@id\":\"https:\/\/descarbonizesolu1.websiteseguro.com\/criancas-mais-conscientes-que-pais-sobre-questoes-ambientais#primaryimage\",\"url\":\"https:\/\/descarbonizesolu1.websiteseguro.com\/wp-content\/uploads\/2025\/01\/criancas-reciclando-plastico-parque-ambiental-sustentabilidade.webp\",\"contentUrl\":\"https:\/\/descarbonizesolu1.websiteseguro.com\/wp-content\/uploads\/2025\/01\/criancas-reciclando-plastico-parque-ambiental-sustentabilidade.webp\",\"width\":1185,\"height\":885,\"caption\":\"Crian\u00e7as felizes reciclando pl\u00e1stico em parque ao ar livre, demonstrando conscientiza\u00e7\u00e3o ambiental e import\u00e2ncia da sustentabilidade para um planeta melhor.\"},{\"@type\":\"BreadcrumbList\",\"@id\":\"https:\/\/descarbonizesolu1.websiteseguro.com\/criancas-mais-conscientes-que-pais-sobre-questoes-ambientais#breadcrumb\",\"itemListElement\":[{\"@type\":\"ListItem\",\"position\":1,\"name\":\"Descarbonize Solu\u00e7\u00f5es\",\"item\":\"https:\/\/descarbonizesolu1.websiteseguro.com\/\"},{\"@type\":\"ListItem\",\"position\":2,\"name\":\"Estudos e Pesquisas\",\"item\":\"https:\/\/descarbonizesolu1.websiteseguro.com\/category\/estudos-e-pesquisas\"},{\"@type\":\"ListItem\",\"position\":3,\"name\":\"Dia das Crian\u00e7as: para 58% dos brasileiros, crian\u00e7as est\u00e3o mais conscientes que seus pais sobre quest\u00f5es ambientais\"}]},{\"@type\":\"WebSite\",\"@id\":\"https:\/\/descarbonizesolu1.websiteseguro.com\/#website\",\"url\":\"https:\/\/descarbonizesolu1.websiteseguro.com\/\",\"name\":\"Blog Descarbonize Solu\u00e7\u00f5es\",\"description\":\"Que tal zerar sua conta de luz? Energia Solar descomplicada para sua resid\u00eancia ou empresa. Cuidamos do financiamento a instala\u00e7\u00e3o com garantia Descarbonize!\",\"potentialAction\":[{\"@type\":\"SearchAction\",\"target\":{\"@type\":\"EntryPoint\",\"urlTemplate\":\"https:\/\/descarbonizesolu1.websiteseguro.com\/?s={search_term_string}\"},\"query-input\":{\"@type\":\"PropertyValueSpecification\",\"valueRequired\":true,\"valueName\":\"search_term_string\"}}],\"inLanguage\":\"pt-BR\"},{\"@type\":\"Person\",\"@id\":\"https:\/\/descarbonizesolu1.websiteseguro.com\/#\/schema\/person\/a770baacf7400307581a6d555f050ac3\",\"name\":\"Equipe Descarbonize Solu\u00e7\u00f5es\",\"image\":{\"@type\":\"ImageObject\",\"inLanguage\":\"pt-BR\",\"@id\":\"https:\/\/descarbonizesolu1.websiteseguro.com\/#\/schema\/person\/image\/\",\"url\":\"https:\/\/secure.gravatar.com\/avatar\/2bd34b2ceca4e03f6f6c93c40b876ad2985cf2ec4dd29bd192aeed29511e80c7?s=96&d=mm&r=g\",\"contentUrl\":\"https:\/\/secure.gravatar.com\/avatar\/2bd34b2ceca4e03f6f6c93c40b876ad2985cf2ec4dd29bd192aeed29511e80c7?s=96&d=mm&r=g\",\"caption\":\"Equipe Descarbonize Solu\u00e7\u00f5es\"},\"description\":\"A Descarbonize Solu\u00e7\u00f5es \u00e9 uma empresa de confian\u00e7a em solu\u00e7\u00f5es energ\u00e9ticas. Atuamos em todo o Brasil e oferecemos o melhor para sua casa, empresa, carro, usina solar e apartamento.\",\"sameAs\":[\"http:\/\/descarbonizesolucoes.com.br\"],\"url\":\"https:\/\/descarbonizesolu1.websiteseguro.com\/author\/admin\"}]}<\/script>\n<!-- \/ Yoast SEO plugin. -->","yoast_head_json":{"title":"Crian\u00e7as est\u00e3o mais conscientes que pais sobre quest\u00f5es ambientais","description":"Pesquisa diz que 58% dos brasileiros veem as crian\u00e7as com mais conhecimento sobre quest\u00f5es ambientas do que seus pais. Veja mais!","robots":{"index":"index","follow":"follow","max-snippet":"max-snippet:-1","max-image-preview":"max-image-preview:large","max-video-preview":"max-video-preview:-1"},"canonical":"https:\/\/descarbonizesolu1.websiteseguro.com\/criancas-mais-conscientes-que-pais-sobre-questoes-ambientais","og_locale":"pt_BR","og_type":"article","og_title":"Crian\u00e7as est\u00e3o mais conscientes que pais sobre quest\u00f5es ambientais","og_description":"Pesquisa diz que 58% dos brasileiros veem as crian\u00e7as com mais conhecimento sobre quest\u00f5es ambientas do que seus pais. Veja mais!","og_url":"https:\/\/descarbonizesolu1.websiteseguro.com\/criancas-mais-conscientes-que-pais-sobre-questoes-ambientais","og_site_name":"Blog Descarbonize Solu\u00e7\u00f5es","article_published_time":"2025-01-23T15:15:34+00:00","article_modified_time":"2025-08-14T11:23:49+00:00","og_image":[{"width":1185,"height":885,"url":"https:\/\/descarbonizesolu1.websiteseguro.com\/wp-content\/uploads\/2025\/01\/criancas-reciclando-plastico-parque-ambiental-sustentabilidade.webp","type":"image\/webp"}],"author":"Equipe Descarbonize Solu\u00e7\u00f5es","twitter_card":"summary_large_image","twitter_misc":{"Escrito por":"Equipe Descarbonize Solu\u00e7\u00f5es","Est. tempo de leitura":"6 minutos"},"schema":{"@context":"https:\/\/schema.org","@graph":[{"@type":"WebPage","@id":"https:\/\/descarbonizesolu1.websiteseguro.com\/criancas-mais-conscientes-que-pais-sobre-questoes-ambientais","url":"https:\/\/descarbonizesolu1.websiteseguro.com\/criancas-mais-conscientes-que-pais-sobre-questoes-ambientais","name":"Crian\u00e7as est\u00e3o mais conscientes que pais sobre quest\u00f5es ambientais","isPartOf":{"@id":"https:\/\/descarbonizesolu1.websiteseguro.com\/#website"},"primaryImageOfPage":{"@id":"https:\/\/descarbonizesolu1.websiteseguro.com\/criancas-mais-conscientes-que-pais-sobre-questoes-ambientais#primaryimage"},"image":{"@id":"https:\/\/descarbonizesolu1.websiteseguro.com\/criancas-mais-conscientes-que-pais-sobre-questoes-ambientais#primaryimage"},"thumbnailUrl":"https:\/\/descarbonizesolu1.websiteseguro.com\/wp-content\/uploads\/2025\/01\/criancas-reciclando-plastico-parque-ambiental-sustentabilidade.webp","datePublished":"2025-01-23T15:15:34+00:00","dateModified":"2025-08-14T11:23:49+00:00","author":{"@id":"https:\/\/descarbonizesolu1.websiteseguro.com\/#\/schema\/person\/a770baacf7400307581a6d555f050ac3"},"description":"Pesquisa diz que 58% dos brasileiros veem as crian\u00e7as com mais conhecimento sobre quest\u00f5es ambientas do que seus pais. Veja mais!","breadcrumb":{"@id":"https:\/\/descarbonizesolu1.websiteseguro.com\/criancas-mais-conscientes-que-pais-sobre-questoes-ambientais#breadcrumb"},"inLanguage":"pt-BR","potentialAction":[{"@type":"ReadAction","target":["https:\/\/descarbonizesolu1.websiteseguro.com\/criancas-mais-conscientes-que-pais-sobre-questoes-ambientais"]}]},{"@type":"ImageObject","inLanguage":"pt-BR","@id":"https:\/\/descarbonizesolu1.websiteseguro.com\/criancas-mais-conscientes-que-pais-sobre-questoes-ambientais#primaryimage","url":"https:\/\/descarbonizesolu1.websiteseguro.com\/wp-content\/uploads\/2025\/01\/criancas-reciclando-plastico-parque-ambiental-sustentabilidade.webp","contentUrl":"https:\/\/descarbonizesolu1.websiteseguro.com\/wp-content\/uploads\/2025\/01\/criancas-reciclando-plastico-parque-ambiental-sustentabilidade.webp","width":1185,"height":885,"caption":"Crian\u00e7as felizes reciclando pl\u00e1stico em parque ao ar livre, demonstrando conscientiza\u00e7\u00e3o ambiental e import\u00e2ncia da sustentabilidade para um planeta melhor."},{"@type":"BreadcrumbList","@id":"https:\/\/descarbonizesolu1.websiteseguro.com\/criancas-mais-conscientes-que-pais-sobre-questoes-ambientais#breadcrumb","itemListElement":[{"@type":"ListItem","position":1,"name":"Descarbonize Solu\u00e7\u00f5es","item":"https:\/\/descarbonizesolu1.websiteseguro.com\/"},{"@type":"ListItem","position":2,"name":"Estudos e Pesquisas","item":"https:\/\/descarbonizesolu1.websiteseguro.com\/category\/estudos-e-pesquisas"},{"@type":"ListItem","position":3,"name":"Dia das Crian\u00e7as: para 58% dos brasileiros, crian\u00e7as est\u00e3o mais conscientes que seus pais sobre quest\u00f5es ambientais"}]},{"@type":"WebSite","@id":"https:\/\/descarbonizesolu1.websiteseguro.com\/#website","url":"https:\/\/descarbonizesolu1.websiteseguro.com\/","name":"Blog Descarbonize Solu\u00e7\u00f5es","description":"Que tal zerar sua conta de luz? Energia Solar descomplicada para sua resid\u00eancia ou empresa. Cuidamos do financiamento a instala\u00e7\u00e3o com garantia Descarbonize!","potentialAction":[{"@type":"SearchAction","target":{"@type":"EntryPoint","urlTemplate":"https:\/\/descarbonizesolu1.websiteseguro.com\/?s={search_term_string}"},"query-input":{"@type":"PropertyValueSpecification","valueRequired":true,"valueName":"search_term_string"}}],"inLanguage":"pt-BR"},{"@type":"Person","@id":"https:\/\/descarbonizesolu1.websiteseguro.com\/#\/schema\/person\/a770baacf7400307581a6d555f050ac3","name":"Equipe Descarbonize Solu\u00e7\u00f5es","image":{"@type":"ImageObject","inLanguage":"pt-BR","@id":"https:\/\/descarbonizesolu1.websiteseguro.com\/#\/schema\/person\/image\/","url":"https:\/\/secure.gravatar.com\/avatar\/2bd34b2ceca4e03f6f6c93c40b876ad2985cf2ec4dd29bd192aeed29511e80c7?s=96&d=mm&r=g","contentUrl":"https:\/\/secure.gravatar.com\/avatar\/2bd34b2ceca4e03f6f6c93c40b876ad2985cf2ec4dd29bd192aeed29511e80c7?s=96&d=mm&r=g","caption":"Equipe Descarbonize Solu\u00e7\u00f5es"},"description":"A Descarbonize Solu\u00e7\u00f5es \u00e9 uma empresa de confian\u00e7a em solu\u00e7\u00f5es energ\u00e9ticas. Atuamos em todo o Brasil e oferecemos o melhor para sua casa, empresa, carro, usina solar e apartamento.","sameAs":["http:\/\/descarbonizesolucoes.com.br"],"url":"https:\/\/descarbonizesolu1.websiteseguro.com\/author\/admin"}]}},"_links":{"self":[{"href":"https:\/\/descarbonizesolu1.websiteseguro.com\/wp-json\/wp\/v2\/posts\/242","targetHints":{"allow":["GET"]}}],"collection":[{"href":"https:\/\/descarbonizesolu1.websiteseguro.com\/wp-json\/wp\/v2\/posts"}],"about":[{"href":"https:\/\/descarbonizesolu1.websiteseguro.com\/wp-json\/wp\/v2\/types\/post"}],"author":[{"embeddable":true,"href":"https:\/\/descarbonizesolu1.websiteseguro.com\/wp-json\/wp\/v2\/users\/1"}],"replies":[{"embeddable":true,"href":"https:\/\/descarbonizesolu1.websiteseguro.com\/wp-json\/wp\/v2\/comments?post=242"}],"version-history":[{"count":1,"href":"https:\/\/descarbonizesolu1.websiteseguro.com\/wp-json\/wp\/v2\/posts\/242\/revisions"}],"predecessor-version":[{"id":247,"href":"https:\/\/descarbonizesolu1.websiteseguro.com\/wp-json\/wp\/v2\/posts\/242\/revisions\/247"}],"wp:featuredmedia":[{"embeddable":true,"href":"https:\/\/descarbonizesolu1.websiteseguro.com\/wp-json\/wp\/v2\/media\/811"}],"wp:attachment":[{"href":"https:\/\/descarbonizesolu1.websiteseguro.com\/wp-json\/wp\/v2\/media?parent=242"}],"wp:term":[{"taxonomy":"category","embeddable":true,"href":"https:\/\/descarbonizesolu1.websiteseguro.com\/wp-json\/wp\/v2\/categories?post=242"},{"taxonomy":"post_tag","embeddable":true,"href":"https:\/\/descarbonizesolu1.websiteseguro.com\/wp-json\/wp\/v2\/tags?post=242"}],"curies":[{"name":"wp","href":"https:\/\/api.w.org\/{rel}","templated":true}]}}