{"id":269,"date":"2025-01-23T15:53:25","date_gmt":"2025-01-23T18:53:25","guid":{"rendered":"https:\/\/descarbonizesolu1.websiteseguro.com\/?p=269"},"modified":"2025-08-14T08:19:15","modified_gmt":"2025-08-14T11:19:15","slug":"reciclagem-55-brasileiros-querem-aumentar-pratica","status":"publish","type":"post","link":"https:\/\/descarbonizesolu1.websiteseguro.com\/reciclagem-55-brasileiros-querem-aumentar-pratica","title":{"rendered":"Pesquisa: 55% dos brasileiros querem reciclar mais em 2025"},"content":{"rendered":"\n<p>Final de ano \u00e9 o momento de olhar para tr\u00e1s e fazer uma retrospectiva do que passou, pensando em como melhorar no futuro. Mas esse olhar comumente se volta para as metas e conquistas pessoais e profissionais, muitas vezes em um n\u00edvel individual, deixando de lado o coletivo. Por\u00e9m, existem outros aspectos que podem ser analisados e que s\u00e3o importantes para o \u00e2mbito social, como \u00e9 o caso das a\u00e7\u00f5es sustent\u00e1veis.<\/p>\n\n\n\n<p>Refletir sobre alguns h\u00e1bitos \u00e9 essencial para que se possa progredir. Quando se fala de contexto clim\u00e1tico, evoluir em rela\u00e7\u00e3o a a\u00e7\u00f5es sustent\u00e1veis \u00e9 indispens\u00e1vel para que se busque um maior equil\u00edbrio com o meio ambiente. Mas manter essas pr\u00e1ticas parece estar sendo um desafio, uma vez que <strong>56% dos brasileiros entrevistados se avaliaram como pouco comprometidos com a\u00e7\u00f5es sustent\u00e1veis em 2024.<\/strong> O dado \u00e9 de um estudo feito pela Descarbonize.<\/p>\n\n\n\n<p>Entre o restante dos respondentes, 35% consideram que foram muito comprometidos com pr\u00e1ticas ambientais ao longo do ano, e 9% admitem n\u00e3o terem sido nem um pouco comprometidos. Os n\u00fameros demonstram que praticar a\u00e7\u00f5es sustent\u00e1veis ainda n\u00e3o \u00e9 a prioridade de grande parte da popula\u00e7\u00e3o, e que mesmo com as amplas discuss\u00f5es sobre a import\u00e2ncia de se preservar o meio ambiente, \u00e9 dif\u00edcil trazer essas pr\u00e1ticas para o dia a dia.<\/p>\n\n\n\n<figure class=\"wp-block-image is-resized\"><img loading=\"lazy\" decoding=\"async\" width=\"1281\" height=\"1600\" src=\"https:\/\/descarbonizesolu1.websiteseguro.com\/wp-content\/uploads\/2025\/01\/AD_4nXeqSy6BAuhUGa6xxg3DmbvVeoiSBURx8PeHLn4-Is80ftt7ojA4sh5A1NtD6DyLaj82NtAYpbTk5pxuZICyYdSmNAkcrlWru0-XL3my1vHJH3kqas4UZwIwsn1UpBZGxCG3gdkU.png\" alt=\"\" class=\"wp-image-271\" style=\"width:700px\" srcset=\"https:\/\/descarbonizesolu1.websiteseguro.com\/wp-content\/uploads\/2025\/01\/AD_4nXeqSy6BAuhUGa6xxg3DmbvVeoiSBURx8PeHLn4-Is80ftt7ojA4sh5A1NtD6DyLaj82NtAYpbTk5pxuZICyYdSmNAkcrlWru0-XL3my1vHJH3kqas4UZwIwsn1UpBZGxCG3gdkU.png 1281w, https:\/\/descarbonizesolu1.websiteseguro.com\/wp-content\/uploads\/2025\/01\/AD_4nXeqSy6BAuhUGa6xxg3DmbvVeoiSBURx8PeHLn4-Is80ftt7ojA4sh5A1NtD6DyLaj82NtAYpbTk5pxuZICyYdSmNAkcrlWru0-XL3my1vHJH3kqas4UZwIwsn1UpBZGxCG3gdkU-240x300.png 240w, https:\/\/descarbonizesolu1.websiteseguro.com\/wp-content\/uploads\/2025\/01\/AD_4nXeqSy6BAuhUGa6xxg3DmbvVeoiSBURx8PeHLn4-Is80ftt7ojA4sh5A1NtD6DyLaj82NtAYpbTk5pxuZICyYdSmNAkcrlWru0-XL3my1vHJH3kqas4UZwIwsn1UpBZGxCG3gdkU-820x1024.png 820w, https:\/\/descarbonizesolu1.websiteseguro.com\/wp-content\/uploads\/2025\/01\/AD_4nXeqSy6BAuhUGa6xxg3DmbvVeoiSBURx8PeHLn4-Is80ftt7ojA4sh5A1NtD6DyLaj82NtAYpbTk5pxuZICyYdSmNAkcrlWru0-XL3my1vHJH3kqas4UZwIwsn1UpBZGxCG3gdkU-768x959.png 768w, https:\/\/descarbonizesolu1.websiteseguro.com\/wp-content\/uploads\/2025\/01\/AD_4nXeqSy6BAuhUGa6xxg3DmbvVeoiSBURx8PeHLn4-Is80ftt7ojA4sh5A1NtD6DyLaj82NtAYpbTk5pxuZICyYdSmNAkcrlWru0-XL3my1vHJH3kqas4UZwIwsn1UpBZGxCG3gdkU-1230x1536.png 1230w\" sizes=\"auto, (max-width: 1281px) 100vw, 1281px\" \/><\/figure>\n\n\n\n<p>Al\u00e9m disso, os dados aparecem em um contexto em que o Brasil vem participando de eventos e negocia\u00e7\u00f5es em parceria com diversos outros pa\u00edses do mundo, buscando avan\u00e7ar em quest\u00f5es que visam a conserva\u00e7\u00e3o da diversidade global. A 16\u00aa Confer\u00eancia das Partes da Conven\u00e7\u00e3o sobre Diversidade Biol\u00f3gica (COP16), que aconteceu entre outubro e novembro de 2024, reuniu representantes de quase 200 pa\u00edses, o que refor\u00e7a a import\u00e2ncia da participa\u00e7\u00e3o de todos nas causas ambientais \u2013 sejam nas a\u00e7\u00f5es coletivas ou individuais.<\/p>\n\n\n\n<p><strong>Retrospectiva de 2024<\/strong><\/p>\n\n\n\n<p>Mesmo que n\u00e3o avaliem sua participa\u00e7\u00e3o como muito ativa ao longo do \u00faltimo ano, algumas atitudes que colaboram para o meio ambiente estiveram presentes na vida dos entrevistados. Neste cen\u00e1rio, <strong>a a\u00e7\u00e3o sustent\u00e1vel mais praticada em 2024 foi a busca pelo n\u00e3o desperd\u00edcio de \u00e1gua (71%)<\/strong>. Na sequ\u00eancia, aparecem a procura pelo n\u00e3o desperd\u00edcio de energia (66%); a reciclagem correta do lixo (53%), e a redu\u00e7\u00e3o do consumo de pl\u00e1stico.&nbsp;<\/p>\n\n\n\n<p>A busca do brasileiro em desperdi\u00e7ar menos \u00e1gua vai ao encontro de um momento em que o Brasil tamb\u00e9m registrou uma queda no desperd\u00edcio de \u00e1gua em 2024 \u2013 marco que p\u00f4de ser percebido pela primeira vez em sete anos \u2013, conforme dados do Instituto Trata Brasil. Mesmo que 37,78% de toda a \u00e1gua tratada do pa\u00eds n\u00e3o tenha chegado aos lares dos consumidores \u2013 volume que poderia abastecer a popula\u00e7\u00e3o de toda a Regi\u00e3o Nordeste \u2013, o n\u00famero foi menor que o registrado no ano anterior, que havia ultrapassado os 40%.<\/p>\n\n\n\n<p>Segundo Milena Andrade, gerente de marketing da Descarbonize Solu\u00e7\u00f5es, pode-se perceber um movimento gradual de melhoria em rela\u00e7\u00e3o \u00e0s quest\u00f5es ambientais, mas n\u00e3o se pode parar por aqui. \u201cMuito ainda precisa ser feito, especialmente nos \u00e2mbitos pol\u00edticos e empresariais, mas s\u00e3o essas esferas que ir\u00e3o servir de exemplo para toda a popula\u00e7\u00e3o, apresentando resultados e trazendo informa\u00e7\u00e3o. A virada de ano tamb\u00e9m deve ser um momento de reflex\u00e3o para esses setores. Na esfera individual, tra\u00e7ar novos h\u00e1bitos e adicionar algumas mudan\u00e7as sustent\u00e1veis na lista de metas certamente trar\u00e1 resultados positivos de forma individual e coletiva\u201d, afirma.<\/p>\n\n\n\n<h2 class=\"wp-block-heading\"><strong>Metas para novo ano: uma responsabilidade coletiva<\/strong><\/h2>\n\n\n\n<p>Mesmo que a atua\u00e7\u00e3o em quest\u00f5es ecol\u00f3gicas n\u00e3o tenha sido t\u00e3o presente na vida dos entrevistados ao longo de 2024, existe o desejo de ser mais engajado em 2025. <strong>Entre as pr\u00e1ticas sustent\u00e1veis, a que os brasileiros mais gostariam de adotar neste ano \u00e9 a reciclagem e o reuso de descartes, conforme indicado por 55% dos respondentes da pesquisa<\/strong>.&nbsp;<\/p>\n\n\n\n<p>Nessa hora, \u00e9 importante destacar que essa vontade n\u00e3o depende apenas do esfor\u00e7o individual. \u00c9 fundamental que as pol\u00edticas p\u00fablicas estejam alinhadas a esse objetivo, algo em que o Brasil precisa avan\u00e7ar. Dados da Associa\u00e7\u00e3o Brasileira de Empresas de Limpeza P\u00fablica e Res\u00edduos Especiais (Abrelpe) mostram que apenas 3% dos res\u00edduos s\u00f3lidos urbanos no pa\u00eds s\u00e3o reciclados, apesar do potencial de 33% de todo o lixo produzido ser recicl\u00e1vel.<\/p>\n\n\n\n<p>\u201cA autocr\u00edtica sobre a responsabilidade ambiental \u00e9 indispens\u00e1vel. No entanto, \u00e9 fundamental que a popula\u00e7\u00e3o seja incentivada pelo poder p\u00fablico e por demais atores sociais envolvidos com a economia verde. As pessoas precisam se enxergar como parte de um todo para se engajar em pr\u00e1ticas sustent\u00e1veis. \u00c9 essencial que se reconhe\u00e7am como agentes de mudan\u00e7a, mas tamb\u00e9m que sintam o apoio de um sistema que promova essa cultura, com incentivos vindos de pol\u00edticas p\u00fablicas, empresas, associa\u00e7\u00f5es e ONGs\u201d, completa Andrade.<\/p>\n\n\n\n<p>Outras a\u00e7\u00f5es que os entrevistados desejam ter mais presente em suas vidas s\u00e3o a redu\u00e7\u00e3o do consumo de pl\u00e1stico (51%); redu\u00e7\u00e3o do consumo de energia el\u00e9trica (46%), e a redu\u00e7\u00e3o do consumo de \u00e1gua (45%).&nbsp;<\/p>\n\n\n\n<h2 class=\"wp-block-heading\"><strong>Metodologia<\/strong><\/h2>\n\n\n\n<p><strong>P\u00fablico:<\/strong> foram entrevistados 500 brasileiros de todos os estados do pa\u00eds, incluindo mulheres e homens, com idade a partir dos 16 anos e de todas as classes sociais.<\/p>\n\n\n\n<p><strong>Coleta:<\/strong> os dados do estudo foram levantados via plataforma de pesquisas online.<\/p>\n\n\n\n<p><strong>Data de coleta:<\/strong> entre os dias 07 e 09 de novembro de 2024.<\/p>\n","protected":false},"excerpt":{"rendered":"<p>Final de ano \u00e9 o momento de olhar para tr\u00e1s e fazer uma retrospectiva do que passou, pensando em como melhorar no futuro. Mas esse olhar comumente se volta para as metas e conquistas pessoais e profissionais, muitas vezes em um n\u00edvel individual, deixando de lado o coletivo. Por\u00e9m, existem outros aspectos que podem ser [&hellip;]<\/p>\n","protected":false},"author":1,"featured_media":805,"comment_status":"open","ping_status":"open","sticky":false,"template":"","format":"standard","meta":{"footnotes":""},"categories":[23],"tags":[22],"class_list":["post-269","post","type-post","status-publish","format-standard","has-post-thumbnail","hentry","category-estudos-e-pesquisas","tag-dicas-descarbonize"],"yoast_head":"<!-- This site is optimized with the Yoast SEO plugin v24.3 - https:\/\/yoast.com\/wordpress\/plugins\/seo\/ -->\n<title>Reciclagem: 55% dos brasileiros querem aumentar a pr\u00e1tica<\/title>\n<meta name=\"description\" content=\"Veja esta pesquisa da Descarbonize e descubra os motivos pelos quais a reciclagem tende a aumentar nos pr\u00f3ximos anos no Brasil! Acesse.\" \/>\n<meta name=\"robots\" content=\"index, follow, max-snippet:-1, max-image-preview:large, max-video-preview:-1\" \/>\n<link rel=\"canonical\" href=\"https:\/\/descarbonizesolu1.websiteseguro.com\/reciclagem-55-brasileiros-querem-aumentar-pratica\" \/>\n<meta property=\"og:locale\" content=\"pt_BR\" \/>\n<meta property=\"og:type\" content=\"article\" \/>\n<meta property=\"og:title\" content=\"Reciclagem: 55% dos brasileiros querem aumentar a pr\u00e1tica\" \/>\n<meta property=\"og:description\" content=\"Veja esta pesquisa da Descarbonize e descubra os motivos pelos quais a reciclagem tende a aumentar nos pr\u00f3ximos anos no Brasil! Acesse.\" \/>\n<meta property=\"og:url\" content=\"https:\/\/descarbonizesolu1.websiteseguro.com\/reciclagem-55-brasileiros-querem-aumentar-pratica\" \/>\n<meta property=\"og:site_name\" content=\"Blog Descarbonize Solu\u00e7\u00f5es\" \/>\n<meta property=\"article:published_time\" content=\"2025-01-23T18:53:25+00:00\" \/>\n<meta property=\"article:modified_time\" content=\"2025-08-14T11:19:15+00:00\" \/>\n<meta property=\"og:image\" content=\"https:\/\/descarbonizesolu1.websiteseguro.com\/wp-content\/uploads\/2025\/01\/inspecao-reciclagem-lixo-plastico-usina.webp\" \/>\n\t<meta property=\"og:image:width\" content=\"1254\" \/>\n\t<meta property=\"og:image:height\" content=\"836\" \/>\n\t<meta property=\"og:image:type\" content=\"image\/webp\" \/>\n<meta name=\"author\" content=\"Equipe Descarbonize Solu\u00e7\u00f5es\" \/>\n<meta name=\"twitter:card\" content=\"summary_large_image\" \/>\n<meta name=\"twitter:label1\" content=\"Escrito por\" \/>\n\t<meta name=\"twitter:data1\" content=\"Equipe Descarbonize Solu\u00e7\u00f5es\" \/>\n\t<meta name=\"twitter:label2\" content=\"Est. tempo de leitura\" \/>\n\t<meta name=\"twitter:data2\" content=\"6 minutos\" \/>\n<script type=\"application\/ld+json\" class=\"yoast-schema-graph\">{\"@context\":\"https:\/\/schema.org\",\"@graph\":[{\"@type\":\"WebPage\",\"@id\":\"https:\/\/descarbonizesolu1.websiteseguro.com\/reciclagem-55-brasileiros-querem-aumentar-pratica\",\"url\":\"https:\/\/descarbonizesolu1.websiteseguro.com\/reciclagem-55-brasileiros-querem-aumentar-pratica\",\"name\":\"Reciclagem: 55% dos brasileiros querem aumentar a pr\u00e1tica\",\"isPartOf\":{\"@id\":\"https:\/\/descarbonizesolu1.websiteseguro.com\/#website\"},\"primaryImageOfPage\":{\"@id\":\"https:\/\/descarbonizesolu1.websiteseguro.com\/reciclagem-55-brasileiros-querem-aumentar-pratica#primaryimage\"},\"image\":{\"@id\":\"https:\/\/descarbonizesolu1.websiteseguro.com\/reciclagem-55-brasileiros-querem-aumentar-pratica#primaryimage\"},\"thumbnailUrl\":\"https:\/\/descarbonizesolu1.websiteseguro.com\/wp-content\/uploads\/2025\/01\/inspecao-reciclagem-lixo-plastico-usina.webp\",\"datePublished\":\"2025-01-23T18:53:25+00:00\",\"dateModified\":\"2025-08-14T11:19:15+00:00\",\"author\":{\"@id\":\"https:\/\/descarbonizesolu1.websiteseguro.com\/#\/schema\/person\/a770baacf7400307581a6d555f050ac3\"},\"description\":\"Veja esta pesquisa da Descarbonize e descubra os motivos pelos quais a reciclagem tende a aumentar nos pr\u00f3ximos anos no Brasil! Acesse.\",\"breadcrumb\":{\"@id\":\"https:\/\/descarbonizesolu1.websiteseguro.com\/reciclagem-55-brasileiros-querem-aumentar-pratica#breadcrumb\"},\"inLanguage\":\"pt-BR\",\"potentialAction\":[{\"@type\":\"ReadAction\",\"target\":[\"https:\/\/descarbonizesolu1.websiteseguro.com\/reciclagem-55-brasileiros-querem-aumentar-pratica\"]}]},{\"@type\":\"ImageObject\",\"inLanguage\":\"pt-BR\",\"@id\":\"https:\/\/descarbonizesolu1.websiteseguro.com\/reciclagem-55-brasileiros-querem-aumentar-pratica#primaryimage\",\"url\":\"https:\/\/descarbonizesolu1.websiteseguro.com\/wp-content\/uploads\/2025\/01\/inspecao-reciclagem-lixo-plastico-usina.webp\",\"contentUrl\":\"https:\/\/descarbonizesolu1.websiteseguro.com\/wp-content\/uploads\/2025\/01\/inspecao-reciclagem-lixo-plastico-usina.webp\",\"width\":1254,\"height\":836,\"caption\":\"Mulher inspecionando pilhas de garrafas pl\u00e1sticas recicladas em uma usina de reciclagem de lixo com foco na sustentabilidade ambiental.\"},{\"@type\":\"BreadcrumbList\",\"@id\":\"https:\/\/descarbonizesolu1.websiteseguro.com\/reciclagem-55-brasileiros-querem-aumentar-pratica#breadcrumb\",\"itemListElement\":[{\"@type\":\"ListItem\",\"position\":1,\"name\":\"Descarbonize Solu\u00e7\u00f5es\",\"item\":\"https:\/\/descarbonizesolu1.websiteseguro.com\/\"},{\"@type\":\"ListItem\",\"position\":2,\"name\":\"Estudos e Pesquisas\",\"item\":\"https:\/\/descarbonizesolu1.websiteseguro.com\/category\/estudos-e-pesquisas\"},{\"@type\":\"ListItem\",\"position\":3,\"name\":\"Pesquisa: 55% dos brasileiros querem reciclar mais em 2025\"}]},{\"@type\":\"WebSite\",\"@id\":\"https:\/\/descarbonizesolu1.websiteseguro.com\/#website\",\"url\":\"https:\/\/descarbonizesolu1.websiteseguro.com\/\",\"name\":\"Blog Descarbonize Solu\u00e7\u00f5es\",\"description\":\"Que tal zerar sua conta de luz? Energia Solar descomplicada para sua resid\u00eancia ou empresa. Cuidamos do financiamento a instala\u00e7\u00e3o com garantia Descarbonize!\",\"potentialAction\":[{\"@type\":\"SearchAction\",\"target\":{\"@type\":\"EntryPoint\",\"urlTemplate\":\"https:\/\/descarbonizesolu1.websiteseguro.com\/?s={search_term_string}\"},\"query-input\":{\"@type\":\"PropertyValueSpecification\",\"valueRequired\":true,\"valueName\":\"search_term_string\"}}],\"inLanguage\":\"pt-BR\"},{\"@type\":\"Person\",\"@id\":\"https:\/\/descarbonizesolu1.websiteseguro.com\/#\/schema\/person\/a770baacf7400307581a6d555f050ac3\",\"name\":\"Equipe Descarbonize Solu\u00e7\u00f5es\",\"image\":{\"@type\":\"ImageObject\",\"inLanguage\":\"pt-BR\",\"@id\":\"https:\/\/descarbonizesolu1.websiteseguro.com\/#\/schema\/person\/image\/\",\"url\":\"https:\/\/secure.gravatar.com\/avatar\/2bd34b2ceca4e03f6f6c93c40b876ad2985cf2ec4dd29bd192aeed29511e80c7?s=96&d=mm&r=g\",\"contentUrl\":\"https:\/\/secure.gravatar.com\/avatar\/2bd34b2ceca4e03f6f6c93c40b876ad2985cf2ec4dd29bd192aeed29511e80c7?s=96&d=mm&r=g\",\"caption\":\"Equipe Descarbonize Solu\u00e7\u00f5es\"},\"description\":\"A Descarbonize Solu\u00e7\u00f5es \u00e9 uma empresa de confian\u00e7a em solu\u00e7\u00f5es energ\u00e9ticas. Atuamos em todo o Brasil e oferecemos o melhor para sua casa, empresa, carro, usina solar e apartamento.\",\"sameAs\":[\"http:\/\/descarbonizesolucoes.com.br\"],\"url\":\"https:\/\/descarbonizesolu1.websiteseguro.com\/author\/admin\"}]}<\/script>\n<!-- \/ Yoast SEO plugin. -->","yoast_head_json":{"title":"Reciclagem: 55% dos brasileiros querem aumentar a pr\u00e1tica","description":"Veja esta pesquisa da Descarbonize e descubra os motivos pelos quais a reciclagem tende a aumentar nos pr\u00f3ximos anos no Brasil! Acesse.","robots":{"index":"index","follow":"follow","max-snippet":"max-snippet:-1","max-image-preview":"max-image-preview:large","max-video-preview":"max-video-preview:-1"},"canonical":"https:\/\/descarbonizesolu1.websiteseguro.com\/reciclagem-55-brasileiros-querem-aumentar-pratica","og_locale":"pt_BR","og_type":"article","og_title":"Reciclagem: 55% dos brasileiros querem aumentar a pr\u00e1tica","og_description":"Veja esta pesquisa da Descarbonize e descubra os motivos pelos quais a reciclagem tende a aumentar nos pr\u00f3ximos anos no Brasil! Acesse.","og_url":"https:\/\/descarbonizesolu1.websiteseguro.com\/reciclagem-55-brasileiros-querem-aumentar-pratica","og_site_name":"Blog Descarbonize Solu\u00e7\u00f5es","article_published_time":"2025-01-23T18:53:25+00:00","article_modified_time":"2025-08-14T11:19:15+00:00","og_image":[{"width":1254,"height":836,"url":"https:\/\/descarbonizesolu1.websiteseguro.com\/wp-content\/uploads\/2025\/01\/inspecao-reciclagem-lixo-plastico-usina.webp","type":"image\/webp"}],"author":"Equipe Descarbonize Solu\u00e7\u00f5es","twitter_card":"summary_large_image","twitter_misc":{"Escrito por":"Equipe Descarbonize Solu\u00e7\u00f5es","Est. tempo de leitura":"6 minutos"},"schema":{"@context":"https:\/\/schema.org","@graph":[{"@type":"WebPage","@id":"https:\/\/descarbonizesolu1.websiteseguro.com\/reciclagem-55-brasileiros-querem-aumentar-pratica","url":"https:\/\/descarbonizesolu1.websiteseguro.com\/reciclagem-55-brasileiros-querem-aumentar-pratica","name":"Reciclagem: 55% dos brasileiros querem aumentar a pr\u00e1tica","isPartOf":{"@id":"https:\/\/descarbonizesolu1.websiteseguro.com\/#website"},"primaryImageOfPage":{"@id":"https:\/\/descarbonizesolu1.websiteseguro.com\/reciclagem-55-brasileiros-querem-aumentar-pratica#primaryimage"},"image":{"@id":"https:\/\/descarbonizesolu1.websiteseguro.com\/reciclagem-55-brasileiros-querem-aumentar-pratica#primaryimage"},"thumbnailUrl":"https:\/\/descarbonizesolu1.websiteseguro.com\/wp-content\/uploads\/2025\/01\/inspecao-reciclagem-lixo-plastico-usina.webp","datePublished":"2025-01-23T18:53:25+00:00","dateModified":"2025-08-14T11:19:15+00:00","author":{"@id":"https:\/\/descarbonizesolu1.websiteseguro.com\/#\/schema\/person\/a770baacf7400307581a6d555f050ac3"},"description":"Veja esta pesquisa da Descarbonize e descubra os motivos pelos quais a reciclagem tende a aumentar nos pr\u00f3ximos anos no Brasil! Acesse.","breadcrumb":{"@id":"https:\/\/descarbonizesolu1.websiteseguro.com\/reciclagem-55-brasileiros-querem-aumentar-pratica#breadcrumb"},"inLanguage":"pt-BR","potentialAction":[{"@type":"ReadAction","target":["https:\/\/descarbonizesolu1.websiteseguro.com\/reciclagem-55-brasileiros-querem-aumentar-pratica"]}]},{"@type":"ImageObject","inLanguage":"pt-BR","@id":"https:\/\/descarbonizesolu1.websiteseguro.com\/reciclagem-55-brasileiros-querem-aumentar-pratica#primaryimage","url":"https:\/\/descarbonizesolu1.websiteseguro.com\/wp-content\/uploads\/2025\/01\/inspecao-reciclagem-lixo-plastico-usina.webp","contentUrl":"https:\/\/descarbonizesolu1.websiteseguro.com\/wp-content\/uploads\/2025\/01\/inspecao-reciclagem-lixo-plastico-usina.webp","width":1254,"height":836,"caption":"Mulher inspecionando pilhas de garrafas pl\u00e1sticas recicladas em uma usina de reciclagem de lixo com foco na sustentabilidade ambiental."},{"@type":"BreadcrumbList","@id":"https:\/\/descarbonizesolu1.websiteseguro.com\/reciclagem-55-brasileiros-querem-aumentar-pratica#breadcrumb","itemListElement":[{"@type":"ListItem","position":1,"name":"Descarbonize Solu\u00e7\u00f5es","item":"https:\/\/descarbonizesolu1.websiteseguro.com\/"},{"@type":"ListItem","position":2,"name":"Estudos e Pesquisas","item":"https:\/\/descarbonizesolu1.websiteseguro.com\/category\/estudos-e-pesquisas"},{"@type":"ListItem","position":3,"name":"Pesquisa: 55% dos brasileiros querem reciclar mais em 2025"}]},{"@type":"WebSite","@id":"https:\/\/descarbonizesolu1.websiteseguro.com\/#website","url":"https:\/\/descarbonizesolu1.websiteseguro.com\/","name":"Blog Descarbonize Solu\u00e7\u00f5es","description":"Que tal zerar sua conta de luz? Energia Solar descomplicada para sua resid\u00eancia ou empresa. Cuidamos do financiamento a instala\u00e7\u00e3o com garantia Descarbonize!","potentialAction":[{"@type":"SearchAction","target":{"@type":"EntryPoint","urlTemplate":"https:\/\/descarbonizesolu1.websiteseguro.com\/?s={search_term_string}"},"query-input":{"@type":"PropertyValueSpecification","valueRequired":true,"valueName":"search_term_string"}}],"inLanguage":"pt-BR"},{"@type":"Person","@id":"https:\/\/descarbonizesolu1.websiteseguro.com\/#\/schema\/person\/a770baacf7400307581a6d555f050ac3","name":"Equipe Descarbonize Solu\u00e7\u00f5es","image":{"@type":"ImageObject","inLanguage":"pt-BR","@id":"https:\/\/descarbonizesolu1.websiteseguro.com\/#\/schema\/person\/image\/","url":"https:\/\/secure.gravatar.com\/avatar\/2bd34b2ceca4e03f6f6c93c40b876ad2985cf2ec4dd29bd192aeed29511e80c7?s=96&d=mm&r=g","contentUrl":"https:\/\/secure.gravatar.com\/avatar\/2bd34b2ceca4e03f6f6c93c40b876ad2985cf2ec4dd29bd192aeed29511e80c7?s=96&d=mm&r=g","caption":"Equipe Descarbonize Solu\u00e7\u00f5es"},"description":"A Descarbonize Solu\u00e7\u00f5es \u00e9 uma empresa de confian\u00e7a em solu\u00e7\u00f5es energ\u00e9ticas. Atuamos em todo o Brasil e oferecemos o melhor para sua casa, empresa, carro, usina solar e apartamento.","sameAs":["http:\/\/descarbonizesolucoes.com.br"],"url":"https:\/\/descarbonizesolu1.websiteseguro.com\/author\/admin"}]}},"_links":{"self":[{"href":"https:\/\/descarbonizesolu1.websiteseguro.com\/wp-json\/wp\/v2\/posts\/269","targetHints":{"allow":["GET"]}}],"collection":[{"href":"https:\/\/descarbonizesolu1.websiteseguro.com\/wp-json\/wp\/v2\/posts"}],"about":[{"href":"https:\/\/descarbonizesolu1.websiteseguro.com\/wp-json\/wp\/v2\/types\/post"}],"author":[{"embeddable":true,"href":"https:\/\/descarbonizesolu1.websiteseguro.com\/wp-json\/wp\/v2\/users\/1"}],"replies":[{"embeddable":true,"href":"https:\/\/descarbonizesolu1.websiteseguro.com\/wp-json\/wp\/v2\/comments?post=269"}],"version-history":[{"count":1,"href":"https:\/\/descarbonizesolu1.websiteseguro.com\/wp-json\/wp\/v2\/posts\/269\/revisions"}],"predecessor-version":[{"id":272,"href":"https:\/\/descarbonizesolu1.websiteseguro.com\/wp-json\/wp\/v2\/posts\/269\/revisions\/272"}],"wp:featuredmedia":[{"embeddable":true,"href":"https:\/\/descarbonizesolu1.websiteseguro.com\/wp-json\/wp\/v2\/media\/805"}],"wp:attachment":[{"href":"https:\/\/descarbonizesolu1.websiteseguro.com\/wp-json\/wp\/v2\/media?parent=269"}],"wp:term":[{"taxonomy":"category","embeddable":true,"href":"https:\/\/descarbonizesolu1.websiteseguro.com\/wp-json\/wp\/v2\/categories?post=269"},{"taxonomy":"post_tag","embeddable":true,"href":"https:\/\/descarbonizesolu1.websiteseguro.com\/wp-json\/wp\/v2\/tags?post=269"}],"curies":[{"name":"wp","href":"https:\/\/api.w.org\/{rel}","templated":true}]}}