{"id":999,"date":"2026-03-04T12:54:35","date_gmt":"2026-03-04T15:54:35","guid":{"rendered":"https:\/\/descarbonizesolu1.websiteseguro.com\/?p=999"},"modified":"2026-03-04T12:55:18","modified_gmt":"2026-03-04T15:55:18","slug":"brasileiros-acreditam-que-a-frequencia-de-apagoes-deve-aumentar-nos-proximos-anos","status":"publish","type":"post","link":"https:\/\/descarbonizesolu1.websiteseguro.com\/brasileiros-acreditam-que-a-frequencia-de-apagoes-deve-aumentar-nos-proximos-anos","title":{"rendered":"42% dos brasileiros acreditam que a frequ\u00eancia de apag\u00f5es deve aumentar nos pr\u00f3ximos anos, aponta pesquisa\u00a0"},"content":{"rendered":"\n<p><em>Eventos clim\u00e1ticos, sobrecargas e infraestruturas antigas est\u00e3o entre as principais raz\u00f5es<\/em> <em>para as quedas de energia, de acordo com entrevistados<\/em><\/p>\n\n\n\n<p>De interrup\u00e7\u00e3o de atividades a danos em aparelhos eletr\u00f4nicos: \u00e9 o que os brasileiros v\u00eam enfrentando com o aumento no n\u00famero de apag\u00f5es nos \u00faltimos anos. Segundo o Minist\u00e9rio de Minas e Energias, s\u00f3 no primeiro semestre de 2025, o sistema el\u00e9trico teve 22 ocorr\u00eancias de blecautes, quase o dobro em compara\u00e7\u00e3o com o mesmo per\u00edodo de 2024, quando foram contabilizados 13 casos. Ainda no ano passado, no m\u00eas de outubro, foi registrado um apag\u00e3o nacional: um inc\u00eandio em uma subesta\u00e7\u00e3o no Paran\u00e1 afetou a distribui\u00e7\u00e3o de energia para todos os 25 estados do pa\u00eds e o Distrito Federal.<\/p>\n\n\n\n<p>E o cen\u00e1rio n\u00e3o deve melhorar, pelo menos \u00e9 o que dizem <strong>42% dos brasileiros, que acreditam que a frequ\u00eancia de falta de energia deve aumentar nos pr\u00f3ximos anos. <\/strong>\u00c9 o que revela uma pesquisa da Descarbonize Solu\u00e7\u00f5es, empresa especializada em energia solar e sustentabilidade, que, nas \u00faltimas semanas, ouviu brasileiros de todas as regi\u00f5es sobre <strong>suas percep\u00e7\u00f5es em rela\u00e7\u00e3o aos apag\u00f5es.<\/strong><\/p>\n\n\n\n<figure class=\"wp-block-image aligncenter size-large is-resized\"><img loading=\"lazy\" decoding=\"async\" width=\"1024\" height=\"819\" src=\"https:\/\/descarbonizesolu1.websiteseguro.com\/wp-content\/uploads\/2026\/03\/image-1-1024x819.png\" alt=\"\" class=\"wp-image-1001\" style=\"aspect-ratio:1.2503297047186892;width:701px;height:auto\" srcset=\"https:\/\/descarbonizesolu1.websiteseguro.com\/wp-content\/uploads\/2026\/03\/image-1-1024x819.png 1024w, https:\/\/descarbonizesolu1.websiteseguro.com\/wp-content\/uploads\/2026\/03\/image-1-300x240.png 300w, https:\/\/descarbonizesolu1.websiteseguro.com\/wp-content\/uploads\/2026\/03\/image-1-768x614.png 768w, https:\/\/descarbonizesolu1.websiteseguro.com\/wp-content\/uploads\/2026\/03\/image-1.png 1500w\" sizes=\"auto, (max-width: 1024px) 100vw, 1024px\" \/><\/figure>\n\n\n\n<p>Para os entrevistados, <strong>eventos clim\u00e1ticos intensos<\/strong> (75%), <strong>sobrecarga devido ao alto consumo<\/strong> (53%) e <strong>infraestrutura el\u00e9trica antiga ou com pouca manuten\u00e7\u00e3o <\/strong>(52%) s\u00e3o os principais fatores relacionados a apag\u00f5es e quedas de energia.&nbsp;<\/p>\n\n\n\n<h2 class=\"wp-block-heading\"><strong>Os impactos dos apag\u00f5es no dia a dia dos brasileiros<\/strong><\/h2>\n\n\n\n<p>Quedas de energia costumam chegar sem aviso pr\u00e9vio, interrompendo e, em alguns casos, paralisando atividades. Em casa ou no trabalho, a falta de eletricidade afeta desde as tarefas mais simples at\u00e9 as mais complexas. E esse cen\u00e1rio est\u00e1 se tornando cada vez mais comum no pa\u00eds: <strong>95% dos respondentes afirmaram que vivenciaram ao menos um apag\u00e3o no \u00faltimo ano<\/strong>. Desses, a maior parcela (38%) relatou ter presenciado entre tr\u00eas e cinco quedas de energia, enquanto 13% enfrentaram mais de 10 apag\u00f5es no per\u00edodo.<\/p>\n\n\n\n<p>Entre os principais impactos na rotina est\u00e3o a <strong>interrup\u00e7\u00e3o do trabalho <\/strong>(68%), <strong>suspens\u00e3o de lazer ou entretenimento <\/strong>(58%) e a <strong>dificuldade para realizar tarefas dom\u00e9sticas <\/strong>(56%), efeitos que v\u00e3o al\u00e9m do simples desconforto e mostram como as falhas no sistema el\u00e9trico afetam diretamente a popula\u00e7\u00e3o.<\/p>\n\n\n\n<figure class=\"wp-block-image aligncenter size-large is-resized\"><img loading=\"lazy\" decoding=\"async\" width=\"1024\" height=\"819\" src=\"https:\/\/descarbonizesolu1.websiteseguro.com\/wp-content\/uploads\/2026\/03\/image-1024x819.png\" alt=\"\" class=\"wp-image-1000\" style=\"width:794px;height:auto\" srcset=\"https:\/\/descarbonizesolu1.websiteseguro.com\/wp-content\/uploads\/2026\/03\/image-1024x819.png 1024w, https:\/\/descarbonizesolu1.websiteseguro.com\/wp-content\/uploads\/2026\/03\/image-300x240.png 300w, https:\/\/descarbonizesolu1.websiteseguro.com\/wp-content\/uploads\/2026\/03\/image-768x614.png 768w, https:\/\/descarbonizesolu1.websiteseguro.com\/wp-content\/uploads\/2026\/03\/image.png 1500w\" sizes=\"auto, (max-width: 1024px) 100vw, 1024px\" \/><\/figure>\n\n\n\n<p>Diante dessas situa\u00e7\u00f5es, brasileiros recorrem a diferentes a\u00e7\u00f5es durante blecautes: <strong>oito em cada dez entrevistados <\/strong>(81%) disseram que buscam ilumina\u00e7\u00e3o<strong> alternativa<\/strong>, como velas e lanternas, enquanto <strong>33% preferem apenas aguardar o retorno da energia<\/strong>. J\u00e1 <strong>23% utilizam equipamentos como nobreaks ou power banks<\/strong> como alternativa para garantir o funcionamento de dispositivos, evitando perdas de equipamentos.\u00a0<\/p>\n\n\n\n<p>Patrick von Schaaffhausen, CEO da Descarbonize Solu\u00e7\u00f5es, reflete sobre os danos dos apag\u00f5es: \u201cA falta de energia n\u00e3o \u00e9 apenas um inc\u00f4modo para a popula\u00e7\u00e3o, ela pode trazer preju\u00edzos consider\u00e1veis para fam\u00edlias e empresas. A paralisa\u00e7\u00e3o do trabalho, al\u00e9m da perda de alimentos e aparelhos eletr\u00f4nicos, s\u00e3o apenas alguns dos preju\u00edzos. S\u00e3o danos que, muitas vezes, v\u00e3o demandar algum tempo para serem recuperados\u201d.<\/p>\n\n\n\n<h2 class=\"wp-block-heading\"><strong>Quais s\u00e3o as poss\u00edveis solu\u00e7\u00f5es para se prevenir de apag\u00f5es?<\/strong><\/h2>\n\n\n\n<p>Para se proteger de apag\u00f5es e picos de energia, cada vez mais frequentes no pa\u00eds, algumas solu\u00e7\u00f5es se mostraram como as mais desejadas pelos brasileiros, caso n\u00e3o houvesse a barreira do custo: <strong>investir em energia solar com bateria integrada<\/strong> (78%), <strong>adquirir baterias para uso independente da rede <\/strong>(45%) e <strong>melhorar a instala\u00e7\u00e3o el\u00e9trica da casa<\/strong> (43%) est\u00e3o entre as mais apontadas.<\/p>\n\n\n\n<figure class=\"wp-block-image aligncenter size-large is-resized\"><img loading=\"lazy\" decoding=\"async\" width=\"1024\" height=\"819\" src=\"https:\/\/descarbonizesolu1.websiteseguro.com\/wp-content\/uploads\/2026\/03\/image-2-1024x819.png\" alt=\"\" class=\"wp-image-1002\" style=\"width:708px;height:auto\" srcset=\"https:\/\/descarbonizesolu1.websiteseguro.com\/wp-content\/uploads\/2026\/03\/image-2-1024x819.png 1024w, https:\/\/descarbonizesolu1.websiteseguro.com\/wp-content\/uploads\/2026\/03\/image-2-300x240.png 300w, https:\/\/descarbonizesolu1.websiteseguro.com\/wp-content\/uploads\/2026\/03\/image-2-768x614.png 768w, https:\/\/descarbonizesolu1.websiteseguro.com\/wp-content\/uploads\/2026\/03\/image-2.png 1500w\" sizes=\"auto, (max-width: 1024px) 100vw, 1024px\" \/><\/figure>\n\n\n\n<p>Mesmo com o interesse crescente, ainda existem d\u00favidas sobre o funcionamento dessas tecnologias. As principais d\u00favidas sobre baterias de armazenamento envolvem <strong>vida \u00fatil e manuten\u00e7\u00e3o<\/strong> <strong>do equipamento <\/strong>(61%), <strong>autonomia<\/strong> (55%) e <strong>funcionamento do sistema<\/strong> (53<strong>%<\/strong>).&nbsp;<\/p>\n\n\n\n<h2 class=\"wp-block-heading\"><strong>Como funcionam as baterias de armazenamento de energia?<\/strong><\/h2>\n\n\n\n<p>De modo geral, a vida \u00fatil das baterias pode variar entre dois e 20 anos, dependendo da tecnologia utilizada e do n\u00edvel de uso. Esse tempo \u00e9 medido pelos chamados ciclos de carga e descarga. J\u00e1 a manuten\u00e7\u00e3o preventiva costuma ser realizada em intervalos de seis meses a um ano.<\/p>\n\n\n\n<p>Outro ponto central \u00e9 a autonomia: o tempo que uma bateria consegue manter equipamentos ligados depende da capacidade de armazenamento, da pot\u00eancia e da quantidade de aparelhos conectados e das configura\u00e7\u00f5es definidas no inversor. Em rela\u00e7\u00e3o ao seu funcionamento, as baterias podem armazenar energia de duas formas:<\/p>\n\n\n\n<ul class=\"wp-block-list\">\n<li><strong>\u00a0Por meio de m\u00f3dulos fotovoltaicos:<\/strong> os pain\u00e9is geram energia a partir da luz solar, convertida pelo inversor para uso em resid\u00eancias e empresas. Quando h\u00e1 produ\u00e7\u00e3o excedente, essa energia \u00e9 armazenada nas baterias, garantindo o fornecimento durante a noite ou em per\u00edodos com pouca gera\u00e7\u00e3o, como em dias nublados;<br><\/li>\n\n\n\n<li><strong>Por meio da pr\u00f3pria rede el\u00e9trica:<\/strong> as baterias tamb\u00e9m podem ser carregadas com energia proveniente da rede, armazenando eletricidade para uso posterior, especialmente em momentos de maior demanda, tarifas mais elevadas ou quedas no fornecimento. O consumidor n\u00e3o precisa necessariamente ter um sistema solar, podendo, inclusive, realizar a instala\u00e7\u00e3o das baterias em apartamentos.<\/li>\n<\/ul>\n\n\n\n<p>\u201cCom o aumento da frequ\u00eancia de apag\u00f5es no pa\u00eds, a autonomia energ\u00e9tica est\u00e1 se tornando uma prioridade para muitos brasileiros. Uma alternativa vi\u00e1vel \u00e9 a utiliza\u00e7\u00e3o de baterias de armazenamento, especialmente quando associadas a fontes renov\u00e1veis, como a solar, que ajuda a proteger resid\u00eancias de interrup\u00e7\u00f5es imprevistas e dos preju\u00edzos que elas causam\u201d, comenta Schaaffhausen.<\/p>\n\n\n\n<p>\u201cO com\u00e9rcio \u00e9 um nicho importante para atua\u00e7\u00e3o, sejam restaurantes ou servi\u00e7os que s\u00e3o muito afetados com perda de receita, clientes e produtos, e que seriam muito beneficiados pelos investimentos em baterias. Para este nicho, a aplica\u00e7\u00e3o n\u00e3o \u00e9 t\u00e3o impactante financeiramente, e pode se pagar em um \u00fanico evento de apag\u00e3o&#8221;, finaliza ele.<\/p>\n\n\n\n<h2 class=\"wp-block-heading\"><strong>Metodologia<\/strong><\/h2>\n\n\n\n<p><strong>P\u00fablico:<\/strong> foram entrevistados 500 brasileiros de todos os estados do pa\u00eds, incluindo mulheres e homens, com idade a partir dos 18 anos e de todas as classes sociais.<\/p>\n\n\n\n<p><strong>Coleta:<\/strong> os dados do estudo foram levantados via plataforma de pesquisas online.<\/p>\n\n\n\n<p><strong>Data de coleta:<\/strong> 11 de fevereiro de 2026.<\/p>\n\n\n\n<h2 class=\"wp-block-heading\"><strong>Sobre a Descarbonize Solu\u00e7\u00f5es<\/strong><\/h2>\n\n\n\n<p>A Descarbonize Solu\u00e7\u00f5es \u00e9 uma empresa especializada que oferece um ecossistema completo e integrado para o setor de energia solar fotovoltaica. A empresa faz parte de um grupo com mais de 40 anos de hist\u00f3ria e re\u00fane tr\u00eas frentes estrat\u00e9gicas: a Aldo Solar, uma das maiores distribuidoras de equipamentos solares do pa\u00eds; a Sol Agora, fintech que oferece financiamento 100% digital para projetos de energia limpa; e a Descarbonize Servi\u00e7os, especializada em assist\u00eancia t\u00e9cnica e suporte ao cliente final. A Descarbonize Solu\u00e7\u00f5es tem presen\u00e7a em mais de 2.900 cidades brasileiras e conta com mais de 420 mil instala\u00e7\u00f5es realizadas. A Descarbonize Solu\u00e7\u00f5es faz parte do portf\u00f3lio da Brookfield, uma das maiores empresas de gest\u00e3o de ativos no mundo.<\/p>\n\n\n\n<p><\/p>\n","protected":false},"excerpt":{"rendered":"<p>Eventos clim\u00e1ticos, sobrecargas e infraestruturas antigas est\u00e3o entre as principais raz\u00f5es para as quedas de energia, de acordo com entrevistados De interrup\u00e7\u00e3o de atividades a danos em aparelhos eletr\u00f4nicos: \u00e9 o que os brasileiros v\u00eam enfrentando com o aumento no n\u00famero de apag\u00f5es nos \u00faltimos anos. Segundo o Minist\u00e9rio de Minas e Energias, s\u00f3 no [&hellip;]<\/p>\n","protected":false},"author":1,"featured_media":1003,"comment_status":"open","ping_status":"open","sticky":false,"template":"","format":"standard","meta":{"footnotes":""},"categories":[23],"tags":[],"class_list":["post-999","post","type-post","status-publish","format-standard","has-post-thumbnail","hentry","category-estudos-e-pesquisas"],"yoast_head":"<!-- This site is optimized with the Yoast SEO plugin v24.3 - https:\/\/yoast.com\/wordpress\/plugins\/seo\/ -->\n<title>42% dos brasileiros acreditam que a frequ\u00eancia de apag\u00f5es deve aumentar nos pr\u00f3ximos anos, aponta pesquisa\u00a0 - Blog Descarbonize Solu\u00e7\u00f5es<\/title>\n<meta name=\"description\" content=\"Eventos clim\u00e1ticos, sobrecargas e infraestruturas antigas est\u00e3o entre as principais raz\u00f5es para as quedas de energia, de acordo com entrevistados.\" \/>\n<meta name=\"robots\" content=\"index, follow, max-snippet:-1, max-image-preview:large, max-video-preview:-1\" \/>\n<link rel=\"canonical\" href=\"https:\/\/descarbonizesolu1.websiteseguro.com\/brasileiros-acreditam-que-a-frequencia-de-apagoes-deve-aumentar-nos-proximos-anos\" \/>\n<meta property=\"og:locale\" content=\"pt_BR\" \/>\n<meta property=\"og:type\" content=\"article\" \/>\n<meta property=\"og:title\" content=\"42% dos brasileiros acreditam que a frequ\u00eancia de apag\u00f5es deve aumentar nos pr\u00f3ximos anos, aponta pesquisa\u00a0 - Blog Descarbonize Solu\u00e7\u00f5es\" \/>\n<meta property=\"og:description\" content=\"Eventos clim\u00e1ticos, sobrecargas e infraestruturas antigas est\u00e3o entre as principais raz\u00f5es para as quedas de energia, de acordo com entrevistados.\" \/>\n<meta property=\"og:url\" content=\"https:\/\/descarbonizesolu1.websiteseguro.com\/brasileiros-acreditam-que-a-frequencia-de-apagoes-deve-aumentar-nos-proximos-anos\" \/>\n<meta property=\"og:site_name\" content=\"Blog Descarbonize Solu\u00e7\u00f5es\" \/>\n<meta property=\"article:published_time\" content=\"2026-03-04T15:54:35+00:00\" \/>\n<meta property=\"article:modified_time\" content=\"2026-03-04T15:55:18+00:00\" \/>\n<meta property=\"og:image\" content=\"https:\/\/descarbonizesolu1.websiteseguro.com\/wp-content\/uploads\/2026\/03\/cidade-escura-risco-apagoes.webp\" \/>\n\t<meta property=\"og:image:width\" content=\"1254\" \/>\n\t<meta property=\"og:image:height\" content=\"836\" \/>\n\t<meta property=\"og:image:type\" content=\"image\/webp\" \/>\n<meta name=\"author\" content=\"Equipe Descarbonize Solu\u00e7\u00f5es\" \/>\n<meta name=\"twitter:card\" content=\"summary_large_image\" \/>\n<meta name=\"twitter:label1\" content=\"Escrito por\" \/>\n\t<meta name=\"twitter:data1\" content=\"Equipe Descarbonize Solu\u00e7\u00f5es\" \/>\n\t<meta name=\"twitter:label2\" content=\"Est. tempo de leitura\" \/>\n\t<meta name=\"twitter:data2\" content=\"7 minutos\" \/>\n<script type=\"application\/ld+json\" class=\"yoast-schema-graph\">{\"@context\":\"https:\/\/schema.org\",\"@graph\":[{\"@type\":\"WebPage\",\"@id\":\"https:\/\/descarbonizesolu1.websiteseguro.com\/brasileiros-acreditam-que-a-frequencia-de-apagoes-deve-aumentar-nos-proximos-anos\",\"url\":\"https:\/\/descarbonizesolu1.websiteseguro.com\/brasileiros-acreditam-que-a-frequencia-de-apagoes-deve-aumentar-nos-proximos-anos\",\"name\":\"42% dos brasileiros acreditam que a frequ\u00eancia de apag\u00f5es deve aumentar nos pr\u00f3ximos anos, aponta pesquisa\u00a0 - Blog Descarbonize Solu\u00e7\u00f5es\",\"isPartOf\":{\"@id\":\"https:\/\/descarbonizesolu1.websiteseguro.com\/#website\"},\"primaryImageOfPage\":{\"@id\":\"https:\/\/descarbonizesolu1.websiteseguro.com\/brasileiros-acreditam-que-a-frequencia-de-apagoes-deve-aumentar-nos-proximos-anos#primaryimage\"},\"image\":{\"@id\":\"https:\/\/descarbonizesolu1.websiteseguro.com\/brasileiros-acreditam-que-a-frequencia-de-apagoes-deve-aumentar-nos-proximos-anos#primaryimage\"},\"thumbnailUrl\":\"https:\/\/descarbonizesolu1.websiteseguro.com\/wp-content\/uploads\/2026\/03\/cidade-escura-risco-apagoes.webp\",\"datePublished\":\"2026-03-04T15:54:35+00:00\",\"dateModified\":\"2026-03-04T15:55:18+00:00\",\"author\":{\"@id\":\"https:\/\/descarbonizesolu1.websiteseguro.com\/#\/schema\/person\/a770baacf7400307581a6d555f050ac3\"},\"description\":\"Eventos clim\u00e1ticos, sobrecargas e infraestruturas antigas est\u00e3o entre as principais raz\u00f5es para as quedas de energia, de acordo com entrevistados.\",\"breadcrumb\":{\"@id\":\"https:\/\/descarbonizesolu1.websiteseguro.com\/brasileiros-acreditam-que-a-frequencia-de-apagoes-deve-aumentar-nos-proximos-anos#breadcrumb\"},\"inLanguage\":\"pt-BR\",\"potentialAction\":[{\"@type\":\"ReadAction\",\"target\":[\"https:\/\/descarbonizesolu1.websiteseguro.com\/brasileiros-acreditam-que-a-frequencia-de-apagoes-deve-aumentar-nos-proximos-anos\"]}]},{\"@type\":\"ImageObject\",\"inLanguage\":\"pt-BR\",\"@id\":\"https:\/\/descarbonizesolu1.websiteseguro.com\/brasileiros-acreditam-que-a-frequencia-de-apagoes-deve-aumentar-nos-proximos-anos#primaryimage\",\"url\":\"https:\/\/descarbonizesolu1.websiteseguro.com\/wp-content\/uploads\/2026\/03\/cidade-escura-risco-apagoes.webp\",\"contentUrl\":\"https:\/\/descarbonizesolu1.websiteseguro.com\/wp-content\/uploads\/2026\/03\/cidade-escura-risco-apagoes.webp\",\"width\":1254,\"height\":836,\"caption\":\"Imagem de uma cidade \u00e0 noite, com v\u00e1rias casas e pr\u00e9dios altos, indicando o risco de apag\u00f5es frequentes que preocupam 42% dos brasileiros, segundo pesquisa.\"},{\"@type\":\"BreadcrumbList\",\"@id\":\"https:\/\/descarbonizesolu1.websiteseguro.com\/brasileiros-acreditam-que-a-frequencia-de-apagoes-deve-aumentar-nos-proximos-anos#breadcrumb\",\"itemListElement\":[{\"@type\":\"ListItem\",\"position\":1,\"name\":\"Descarbonize Solu\u00e7\u00f5es\",\"item\":\"https:\/\/descarbonizesolu1.websiteseguro.com\/\"},{\"@type\":\"ListItem\",\"position\":2,\"name\":\"Estudos e Pesquisas\",\"item\":\"https:\/\/descarbonizesolu1.websiteseguro.com\/category\/estudos-e-pesquisas\"},{\"@type\":\"ListItem\",\"position\":3,\"name\":\"42% dos brasileiros acreditam que a frequ\u00eancia de apag\u00f5es deve aumentar nos pr\u00f3ximos anos, aponta pesquisa\u00a0\"}]},{\"@type\":\"WebSite\",\"@id\":\"https:\/\/descarbonizesolu1.websiteseguro.com\/#website\",\"url\":\"https:\/\/descarbonizesolu1.websiteseguro.com\/\",\"name\":\"Blog Descarbonize Solu\u00e7\u00f5es\",\"description\":\"Que tal zerar sua conta de luz? Energia Solar descomplicada para sua resid\u00eancia ou empresa. Cuidamos do financiamento a instala\u00e7\u00e3o com garantia Descarbonize!\",\"potentialAction\":[{\"@type\":\"SearchAction\",\"target\":{\"@type\":\"EntryPoint\",\"urlTemplate\":\"https:\/\/descarbonizesolu1.websiteseguro.com\/?s={search_term_string}\"},\"query-input\":{\"@type\":\"PropertyValueSpecification\",\"valueRequired\":true,\"valueName\":\"search_term_string\"}}],\"inLanguage\":\"pt-BR\"},{\"@type\":\"Person\",\"@id\":\"https:\/\/descarbonizesolu1.websiteseguro.com\/#\/schema\/person\/a770baacf7400307581a6d555f050ac3\",\"name\":\"Equipe Descarbonize Solu\u00e7\u00f5es\",\"image\":{\"@type\":\"ImageObject\",\"inLanguage\":\"pt-BR\",\"@id\":\"https:\/\/descarbonizesolu1.websiteseguro.com\/#\/schema\/person\/image\/\",\"url\":\"https:\/\/secure.gravatar.com\/avatar\/2bd34b2ceca4e03f6f6c93c40b876ad2985cf2ec4dd29bd192aeed29511e80c7?s=96&d=mm&r=g\",\"contentUrl\":\"https:\/\/secure.gravatar.com\/avatar\/2bd34b2ceca4e03f6f6c93c40b876ad2985cf2ec4dd29bd192aeed29511e80c7?s=96&d=mm&r=g\",\"caption\":\"Equipe Descarbonize Solu\u00e7\u00f5es\"},\"description\":\"A Descarbonize Solu\u00e7\u00f5es \u00e9 uma empresa de confian\u00e7a em solu\u00e7\u00f5es energ\u00e9ticas. Atuamos em todo o Brasil e oferecemos o melhor para sua casa, empresa, carro, usina solar e apartamento.\",\"sameAs\":[\"http:\/\/descarbonizesolucoes.com.br\"],\"url\":\"https:\/\/descarbonizesolu1.websiteseguro.com\/author\/admin\"}]}<\/script>\n<!-- \/ Yoast SEO plugin. -->","yoast_head_json":{"title":"42% dos brasileiros acreditam que a frequ\u00eancia de apag\u00f5es deve aumentar nos pr\u00f3ximos anos, aponta pesquisa\u00a0 - Blog Descarbonize Solu\u00e7\u00f5es","description":"Eventos clim\u00e1ticos, sobrecargas e infraestruturas antigas est\u00e3o entre as principais raz\u00f5es para as quedas de energia, de acordo com entrevistados.","robots":{"index":"index","follow":"follow","max-snippet":"max-snippet:-1","max-image-preview":"max-image-preview:large","max-video-preview":"max-video-preview:-1"},"canonical":"https:\/\/descarbonizesolu1.websiteseguro.com\/brasileiros-acreditam-que-a-frequencia-de-apagoes-deve-aumentar-nos-proximos-anos","og_locale":"pt_BR","og_type":"article","og_title":"42% dos brasileiros acreditam que a frequ\u00eancia de apag\u00f5es deve aumentar nos pr\u00f3ximos anos, aponta pesquisa\u00a0 - Blog Descarbonize Solu\u00e7\u00f5es","og_description":"Eventos clim\u00e1ticos, sobrecargas e infraestruturas antigas est\u00e3o entre as principais raz\u00f5es para as quedas de energia, de acordo com entrevistados.","og_url":"https:\/\/descarbonizesolu1.websiteseguro.com\/brasileiros-acreditam-que-a-frequencia-de-apagoes-deve-aumentar-nos-proximos-anos","og_site_name":"Blog Descarbonize Solu\u00e7\u00f5es","article_published_time":"2026-03-04T15:54:35+00:00","article_modified_time":"2026-03-04T15:55:18+00:00","og_image":[{"width":1254,"height":836,"url":"https:\/\/descarbonizesolu1.websiteseguro.com\/wp-content\/uploads\/2026\/03\/cidade-escura-risco-apagoes.webp","type":"image\/webp"}],"author":"Equipe Descarbonize Solu\u00e7\u00f5es","twitter_card":"summary_large_image","twitter_misc":{"Escrito por":"Equipe Descarbonize Solu\u00e7\u00f5es","Est. tempo de leitura":"7 minutos"},"schema":{"@context":"https:\/\/schema.org","@graph":[{"@type":"WebPage","@id":"https:\/\/descarbonizesolu1.websiteseguro.com\/brasileiros-acreditam-que-a-frequencia-de-apagoes-deve-aumentar-nos-proximos-anos","url":"https:\/\/descarbonizesolu1.websiteseguro.com\/brasileiros-acreditam-que-a-frequencia-de-apagoes-deve-aumentar-nos-proximos-anos","name":"42% dos brasileiros acreditam que a frequ\u00eancia de apag\u00f5es deve aumentar nos pr\u00f3ximos anos, aponta pesquisa\u00a0 - Blog Descarbonize Solu\u00e7\u00f5es","isPartOf":{"@id":"https:\/\/descarbonizesolu1.websiteseguro.com\/#website"},"primaryImageOfPage":{"@id":"https:\/\/descarbonizesolu1.websiteseguro.com\/brasileiros-acreditam-que-a-frequencia-de-apagoes-deve-aumentar-nos-proximos-anos#primaryimage"},"image":{"@id":"https:\/\/descarbonizesolu1.websiteseguro.com\/brasileiros-acreditam-que-a-frequencia-de-apagoes-deve-aumentar-nos-proximos-anos#primaryimage"},"thumbnailUrl":"https:\/\/descarbonizesolu1.websiteseguro.com\/wp-content\/uploads\/2026\/03\/cidade-escura-risco-apagoes.webp","datePublished":"2026-03-04T15:54:35+00:00","dateModified":"2026-03-04T15:55:18+00:00","author":{"@id":"https:\/\/descarbonizesolu1.websiteseguro.com\/#\/schema\/person\/a770baacf7400307581a6d555f050ac3"},"description":"Eventos clim\u00e1ticos, sobrecargas e infraestruturas antigas est\u00e3o entre as principais raz\u00f5es para as quedas de energia, de acordo com entrevistados.","breadcrumb":{"@id":"https:\/\/descarbonizesolu1.websiteseguro.com\/brasileiros-acreditam-que-a-frequencia-de-apagoes-deve-aumentar-nos-proximos-anos#breadcrumb"},"inLanguage":"pt-BR","potentialAction":[{"@type":"ReadAction","target":["https:\/\/descarbonizesolu1.websiteseguro.com\/brasileiros-acreditam-que-a-frequencia-de-apagoes-deve-aumentar-nos-proximos-anos"]}]},{"@type":"ImageObject","inLanguage":"pt-BR","@id":"https:\/\/descarbonizesolu1.websiteseguro.com\/brasileiros-acreditam-que-a-frequencia-de-apagoes-deve-aumentar-nos-proximos-anos#primaryimage","url":"https:\/\/descarbonizesolu1.websiteseguro.com\/wp-content\/uploads\/2026\/03\/cidade-escura-risco-apagoes.webp","contentUrl":"https:\/\/descarbonizesolu1.websiteseguro.com\/wp-content\/uploads\/2026\/03\/cidade-escura-risco-apagoes.webp","width":1254,"height":836,"caption":"Imagem de uma cidade \u00e0 noite, com v\u00e1rias casas e pr\u00e9dios altos, indicando o risco de apag\u00f5es frequentes que preocupam 42% dos brasileiros, segundo pesquisa."},{"@type":"BreadcrumbList","@id":"https:\/\/descarbonizesolu1.websiteseguro.com\/brasileiros-acreditam-que-a-frequencia-de-apagoes-deve-aumentar-nos-proximos-anos#breadcrumb","itemListElement":[{"@type":"ListItem","position":1,"name":"Descarbonize Solu\u00e7\u00f5es","item":"https:\/\/descarbonizesolu1.websiteseguro.com\/"},{"@type":"ListItem","position":2,"name":"Estudos e Pesquisas","item":"https:\/\/descarbonizesolu1.websiteseguro.com\/category\/estudos-e-pesquisas"},{"@type":"ListItem","position":3,"name":"42% dos brasileiros acreditam que a frequ\u00eancia de apag\u00f5es deve aumentar nos pr\u00f3ximos anos, aponta pesquisa\u00a0"}]},{"@type":"WebSite","@id":"https:\/\/descarbonizesolu1.websiteseguro.com\/#website","url":"https:\/\/descarbonizesolu1.websiteseguro.com\/","name":"Blog Descarbonize Solu\u00e7\u00f5es","description":"Que tal zerar sua conta de luz? Energia Solar descomplicada para sua resid\u00eancia ou empresa. Cuidamos do financiamento a instala\u00e7\u00e3o com garantia Descarbonize!","potentialAction":[{"@type":"SearchAction","target":{"@type":"EntryPoint","urlTemplate":"https:\/\/descarbonizesolu1.websiteseguro.com\/?s={search_term_string}"},"query-input":{"@type":"PropertyValueSpecification","valueRequired":true,"valueName":"search_term_string"}}],"inLanguage":"pt-BR"},{"@type":"Person","@id":"https:\/\/descarbonizesolu1.websiteseguro.com\/#\/schema\/person\/a770baacf7400307581a6d555f050ac3","name":"Equipe Descarbonize Solu\u00e7\u00f5es","image":{"@type":"ImageObject","inLanguage":"pt-BR","@id":"https:\/\/descarbonizesolu1.websiteseguro.com\/#\/schema\/person\/image\/","url":"https:\/\/secure.gravatar.com\/avatar\/2bd34b2ceca4e03f6f6c93c40b876ad2985cf2ec4dd29bd192aeed29511e80c7?s=96&d=mm&r=g","contentUrl":"https:\/\/secure.gravatar.com\/avatar\/2bd34b2ceca4e03f6f6c93c40b876ad2985cf2ec4dd29bd192aeed29511e80c7?s=96&d=mm&r=g","caption":"Equipe Descarbonize Solu\u00e7\u00f5es"},"description":"A Descarbonize Solu\u00e7\u00f5es \u00e9 uma empresa de confian\u00e7a em solu\u00e7\u00f5es energ\u00e9ticas. Atuamos em todo o Brasil e oferecemos o melhor para sua casa, empresa, carro, usina solar e apartamento.","sameAs":["http:\/\/descarbonizesolucoes.com.br"],"url":"https:\/\/descarbonizesolu1.websiteseguro.com\/author\/admin"}]}},"_links":{"self":[{"href":"https:\/\/descarbonizesolu1.websiteseguro.com\/wp-json\/wp\/v2\/posts\/999","targetHints":{"allow":["GET"]}}],"collection":[{"href":"https:\/\/descarbonizesolu1.websiteseguro.com\/wp-json\/wp\/v2\/posts"}],"about":[{"href":"https:\/\/descarbonizesolu1.websiteseguro.com\/wp-json\/wp\/v2\/types\/post"}],"author":[{"embeddable":true,"href":"https:\/\/descarbonizesolu1.websiteseguro.com\/wp-json\/wp\/v2\/users\/1"}],"replies":[{"embeddable":true,"href":"https:\/\/descarbonizesolu1.websiteseguro.com\/wp-json\/wp\/v2\/comments?post=999"}],"version-history":[{"count":2,"href":"https:\/\/descarbonizesolu1.websiteseguro.com\/wp-json\/wp\/v2\/posts\/999\/revisions"}],"predecessor-version":[{"id":1005,"href":"https:\/\/descarbonizesolu1.websiteseguro.com\/wp-json\/wp\/v2\/posts\/999\/revisions\/1005"}],"wp:featuredmedia":[{"embeddable":true,"href":"https:\/\/descarbonizesolu1.websiteseguro.com\/wp-json\/wp\/v2\/media\/1003"}],"wp:attachment":[{"href":"https:\/\/descarbonizesolu1.websiteseguro.com\/wp-json\/wp\/v2\/media?parent=999"}],"wp:term":[{"taxonomy":"category","embeddable":true,"href":"https:\/\/descarbonizesolu1.websiteseguro.com\/wp-json\/wp\/v2\/categories?post=999"},{"taxonomy":"post_tag","embeddable":true,"href":"https:\/\/descarbonizesolu1.websiteseguro.com\/wp-json\/wp\/v2\/tags?post=999"}],"curies":[{"name":"wp","href":"https:\/\/api.w.org\/{rel}","templated":true}]}}